{"id":10120,"date":"2026-09-01T19:38:06","date_gmt":"2026-09-01T22:38:06","guid":{"rendered":"https:\/\/www.espetro.com.br\/site\/?p=10120"},"modified":"2026-09-01T19:38:08","modified_gmt":"2026-09-01T22:38:08","slug":"fraude-em-combustiveis-justica-decreta-falencia-da-refit","status":"publish","type":"post","link":"https:\/\/www.espetro.com.br\/site\/2026\/09\/01\/fraude-em-combustiveis-justica-decreta-falencia-da-refit\/","title":{"rendered":"Fraude em Combust\u00edveis  &#8211; Justi\u00e7a decreta fal\u00eancia da Refit"},"content":{"rendered":"\n<p>01\/09\/2026 &#8211; A Justi\u00e7a do Rio de Janeiro decretou nesta segunda-feira (31) a fal\u00eancia do grupo Refit, do empres\u00e1rio Ricardo Magro, que estava em recupera\u00e7\u00e3o judicial e foi alvo de opera\u00e7\u00f5es contra fraudes no mercado brasileiro de combust\u00edveis.<\/p>\n\n\n\n<p>A fal\u00eancia foi decretada pelo juiz Arthur Ferreira, da 5\u00aa Vara Empresarial do TJ-RJ (Tribunal de Justi\u00e7a do Rio de Janeiro), ap\u00f3s pedido do governo do Rio, alegando que a empresa deixou de pagar parcelas de acordo para redu\u00e7\u00e3o da d\u00edvida tribut\u00e1ria.<\/p>\n\n\n\n<p>O processo envolve a Refinaria de Manguinhos, principal ativo do grupo e as empresas Manguinhos Distribuidora, Manguinhos Qu\u00edmica e Gasdiesel Distribuidora de Petr\u00f3leo. O juiz determinou a avalia\u00e7\u00e3o dos ativos para venda e pagamento das d\u00edvidas.<\/p>\n\n\n\n<p>Em sua decis\u00e3o, ele escreveu que n\u00e3o considera justific\u00e1vel &#8220;a perpetua\u00e7\u00e3o de uma recupera\u00e7\u00e3o judicial que n\u00e3o cumpre sua finalidade prec\u00edpua que \u00e9 sanear as finan\u00e7as da empresa recuperanda&#8221;. A Refit pediu recupera\u00e7\u00e3o judicial em 2014.<\/p>\n\n\n\n<p>A Refit \u00e9 apontada como uma das maiores devedoras contumazes do pa\u00eds, tendo passado anos sem recolher impostos pelas vendas de combust\u00edveis. Apenas com o governo do Rio, a d\u00edvida passa de R$ 25 bilh\u00f5es.<\/p>\n\n\n\n<p>Em 2025, a Refit foi alvo de opera\u00e7\u00f5es da Receita Federal e da ANP em investiga\u00e7\u00f5es sobre fraude tribut\u00e1ria e irregularidades operacionais.<\/p>\n\n\n\n<p>Este ano, a Pol\u00edcia Federal mirou o ex-governador Cl\u00e1udio Castro (PL) em duas opera\u00e7\u00f5es envolvendo suspeitas de favorecimento ao grupo controlado por Ricardo Magro. Nas duas ocasi\u00f5es, ele negou ter cometido irregularidades.<\/p>\n\n\n\n<p>Fonte: Folha de S\u00e3o Paulo<\/p>\n","protected":false},"excerpt":{"rendered":"<p>01\/09\/2026 &#8211; A Justi\u00e7a do Rio de Janeiro decretou nesta segunda-feira (31) a fal\u00eancia do grupo Refit, do empres\u00e1rio Ricardo Magro, que estava em recupera\u00e7\u00e3o judicial e foi alvo de opera\u00e7\u00f5es contra fraudes no mercado brasileiro de combust\u00edveis. A fal\u00eancia<\/p>\n","protected":false},"author":1,"featured_media":0,"comment_status":"open","ping_status":"open","sticky":false,"template":"","format":"standard","meta":{"footnotes":""},"categories":[10],"tags":[],"class_list":["post-10120","post","type-post","status-publish","format-standard","hentry","category-artigos"],"_links":{"self":[{"href":"https:\/\/www.espetro.com.br\/site\/wp-json\/wp\/v2\/posts\/10120","targetHints":{"allow":["GET"]}}],"collection":[{"href":"https:\/\/www.espetro.com.br\/site\/wp-json\/wp\/v2\/posts"}],"about":[{"href":"https:\/\/www.espetro.com.br\/site\/wp-json\/wp\/v2\/types\/post"}],"author":[{"embeddable":true,"href":"https:\/\/www.espetro.com.br\/site\/wp-json\/wp\/v2\/users\/1"}],"replies":[{"embeddable":true,"href":"https:\/\/www.espetro.com.br\/site\/wp-json\/wp\/v2\/comments?post=10120"}],"version-history":[{"count":1,"href":"https:\/\/www.espetro.com.br\/site\/wp-json\/wp\/v2\/posts\/10120\/revisions"}],"predecessor-version":[{"id":10121,"href":"https:\/\/www.espetro.com.br\/site\/wp-json\/wp\/v2\/posts\/10120\/revisions\/10121"}],"wp:attachment":[{"href":"https:\/\/www.espetro.com.br\/site\/wp-json\/wp\/v2\/media?parent=10120"}],"wp:term":[{"taxonomy":"category","embeddable":true,"href":"https:\/\/www.espetro.com.br\/site\/wp-json\/wp\/v2\/categories?post=10120"},{"taxonomy":"post_tag","embeddable":true,"href":"https:\/\/www.espetro.com.br\/site\/wp-json\/wp\/v2\/tags?post=10120"}],"curies":[{"name":"wp","href":"https:\/\/api.w.org\/{rel}","templated":true}]}}